{"id":9357,"date":"2021-10-29T13:55:03","date_gmt":"2021-10-29T19:55:03","guid":{"rendered":"http:\/\/www.medicina.uanl.mx\/?p=9357"},"modified":"2022-08-24T07:46:06","modified_gmt":"2022-08-24T13:46:06","slug":"celebran-un-aniversario-mas-de-la-facultad-y-los-60-anos-de-los-murales","status":"publish","type":"post","link":"https:\/\/www.medicina.uanl.mx\/en\/noticias\/facultad\/celebran-un-aniversario-mas-de-la-facultad-y-los-60-anos-de-los-murales\/","title":{"rendered":"Celebration of one more anniversary of the School and the 60 Years of the Murals"},"content":{"rendered":"<p style=\"text-align: justify;\">La ma\u00f1ana de este viernes 29 de octubre de 2021, en punto de las 9:00 horas en el Frontispicio de nuestra Instituci\u00f3n, se llevaron a cabo los festejos y presentaciones culturales por el aniversario 162 de la Facultad de Medicina (30 de octubre) y 60 a\u00f1os de la Inauguraci\u00f3n de los murales <strong>Zapotlatenan<\/strong> y <strong>La Pr\u00f3xima Centuria<\/strong>.<\/p>\n<div id=\"metaslider-id-9392\" style=\"width: 100%;\" class=\"ml-slider-3-112-0 metaslider metaslider-flex metaslider-9392 ml-slider has-dots-nav ms-theme-default\" role=\"region\" aria-label=\"162 Aniv Medicina\" data-height=\"3456\" data-width=\"5184\">\n    <div id=\"metaslider_container_9392\">\n        <div id=\"metaslider_9392\">\n            <ul class='slides'>\n                <li style=\"display: block; width: 100%;\" class=\"slide-9398 ms-image \" aria-roledescription=\"slide\" data-date=\"2021-10-29 13:46:43\" data-filename=\"am-16.jpg\" data-slide-type=\"image\"><img loading=\"lazy\" decoding=\"async\" src=\"https:\/\/www.medicina.uanl.mx\/wp-content\/uploads\/2021\/10\/am-16.jpg\" height=\"3456\" width=\"5184\" alt=\"\" class=\"slider-9392 slide-9398 msDefaultImage\" \/><div class=\"caption-wrap\"><div class=\"caption\">Dr. med. Edelmiro P\u00e9rez Rodr\u00edguez<\/div><\/div><\/li>\n                <li style=\"display: none; width: 100%;\" class=\"slide-9396 ms-image \" aria-roledescription=\"slide\" data-date=\"2021-10-29 13:46:43\" data-filename=\"am.jpg\" data-slide-type=\"image\"><img loading=\"lazy\" decoding=\"async\" src=\"https:\/\/www.medicina.uanl.mx\/wp-content\/uploads\/2021\/10\/am.jpg\" height=\"3456\" width=\"5184\" alt=\"\" class=\"slider-9392 slide-9396 msDefaultImage\" \/><div class=\"caption-wrap\"><div class=\"caption\">Autoridades presentes en la celebraci\u00f3n<\/div><\/div><\/li>\n                <li style=\"display: none; width: 100%;\" class=\"slide-9397 ms-image \" aria-roledescription=\"slide\" data-date=\"2021-10-29 13:46:43\" data-filename=\"am-9.jpg\" data-slide-type=\"image\"><img loading=\"lazy\" decoding=\"async\" src=\"https:\/\/www.medicina.uanl.mx\/wp-content\/uploads\/2021\/10\/am-9.jpg\" height=\"3456\" width=\"5184\" alt=\"\" class=\"slider-9392 slide-9397 msDefaultImage\" \/><div class=\"caption-wrap\"><div class=\"caption\">Acompa\u00f1antes a los festejos<\/div><\/div><\/li>\n            <\/ul>\n        <\/div>\n        \n    <\/div>\n<\/div>\n<p style=\"text-align: justify;\">Adem\u00e1s de representantes e integrantes de la Sociedad de Alumnos, estudiantes, personal docente y administrativo, as\u00ed como coordinadores y jefes de departamentos y servicios de nuestra Instituci\u00f3n, las autoridades que se dieron cita en el evento fueron:<\/p>\n<ul>\n<li style=\"text-align: justify;\"><strong>Dr. med. Edelmiro P\u00e9rez Rodr\u00edguez,<\/strong> Director de la Facultad de Medicina y Hospital Universitario &#8220;Dr. Jos\u00e9 Eleuterio Gonz\u00e1lez&#8221;<\/li>\n<li style=\"text-align: justify;\"><strong>Dr. C. Rodrigo Enrique Elizondo Oma\u00f1a,<\/strong> Subdirector de Estudios de Pregrado de la Licenciatura de M\u00e9dico Cirujano y Partero<\/li>\n<li><strong>Dr. C. Paula Cordero P\u00e9rez,<\/strong> Subdirectora de Estudios de Pregrado de la Licenciatura de Qu\u00edmico Cl\u00ednico Bi\u00f3logo<\/li>\n<li><strong>Dr. med. Abel Guzm\u00e1n L\u00f3pez,<\/strong> Subdirector de Alta Especialidad y Medicina Avanzada<\/li>\n<li><strong>Dr. med. Guillermo Jacobo Baca,<\/strong>\u00a0Secretario de Asuntos Estudiantiles de la Facultad de Medicina<\/li>\n<li><strong>Mtro. Jos\u00e9 Antonio Olvera Sandoval,<\/strong> Coordinador de la Sala Museo &#8220;Dr. \u00c1ngel \u00d3scar Ulloa Gregori&#8221;<\/li>\n<li style=\"text-align: justify;\"><strong>Lic. Mario Burgoa Gonz\u00e1lez,<\/strong> Presidente de la Secci\u00f3n 1 del Sindicato de Trabajadores de la UANL<\/li>\n<\/ul>\n<p style=\"text-align: justify;\">Como parte de la rememoraci\u00f3n de las obras mural\u00edsticas el <strong>Dr. med. Edelmiro P\u00e9rez Rodr\u00edguez, <\/strong>puntualiz\u00f3 lo siguiente: &#8220;La idea de que en el frente de la Facultad, a los lados del escudo, se erigiera uno de los murales fue de un estudiante de Medicina [&#8230;] Se trata de Antonio Salazar Vela, originario de Laredo, Tamaulipas, quien en el a\u00f1o de 1960 era el presidente de la Sociedad de Alumnos&#8221;. Recordando tambi\u00e9n que el mural Zapotlatenan fue pagado por 679 estudiantes de medicina y 89 de laboratorista, mientras que la Direcci\u00f3n financi\u00f3 el mural La Pr\u00f3xima Centuria.<\/p>\n<div id=\"metaslider-id-9399\" style=\"width: 100%;\" class=\"ml-slider-3-112-0 metaslider metaslider-flex metaslider-9399 ml-slider has-dots-nav ms-theme-default\" role=\"region\" aria-label=\"162 Aniv Medicina 2\" data-height=\"3456\" data-width=\"5184\">\n    <div id=\"metaslider_container_9399\">\n        <div id=\"metaslider_9399\">\n            <ul class='slides'>\n                <li style=\"display: block; width: 100%;\" class=\"slide-9406 ms-image \" aria-roledescription=\"slide\" data-date=\"2021-10-29 13:50:55\" data-filename=\"am-40.jpg\" data-slide-type=\"image\"><img loading=\"lazy\" decoding=\"async\" src=\"https:\/\/www.medicina.uanl.mx\/wp-content\/uploads\/2021\/10\/am-40.jpg\" height=\"3456\" width=\"5184\" alt=\"\" class=\"slider-9399 slide-9406 msDefaultImage\" \/><div class=\"caption-wrap\"><div class=\"caption\">Rondallas de la Facultad de Medicina<\/div><\/div><\/li>\n                <li style=\"display: none; width: 100%;\" class=\"slide-9407 ms-image \" aria-roledescription=\"slide\" data-date=\"2021-10-29 13:50:56\" data-filename=\"am-45.jpg\" data-slide-type=\"image\"><img loading=\"lazy\" decoding=\"async\" src=\"https:\/\/www.medicina.uanl.mx\/wp-content\/uploads\/2021\/10\/am-45.jpg\" height=\"3456\" width=\"5184\" alt=\"\" class=\"slider-9399 slide-9407 msDefaultImage\" \/><div class=\"caption-wrap\"><div class=\"caption\">Ballet Folkl\u00f3rico \"Tzapotlatenan\"<\/div><\/div><\/li>\n                <li style=\"display: none; width: 100%;\" class=\"slide-9404 ms-image \" aria-roledescription=\"slide\" data-date=\"2021-10-29 13:50:55\" data-filename=\"am-38.jpg\" data-slide-type=\"image\"><img loading=\"lazy\" decoding=\"async\" src=\"https:\/\/www.medicina.uanl.mx\/wp-content\/uploads\/2021\/10\/am-38.jpg\" height=\"3456\" width=\"5184\" alt=\"\" class=\"slider-9399 slide-9404 msDefaultImage\" \/><\/li>\n                <li style=\"display: none; width: 100%;\" class=\"slide-9411 ms-image \" aria-roledescription=\"slide\" data-date=\"2021-10-29 13:51:57\" data-filename=\"whatsapp-image-2021-10-29-at-112446.jpeg\" data-slide-type=\"image\"><img loading=\"lazy\" decoding=\"async\" src=\"https:\/\/www.medicina.uanl.mx\/wp-content\/uploads\/2021\/10\/whatsapp-image-2021-10-29-at-112446.jpeg\" height=\"3456\" width=\"5184\" alt=\"\" class=\"slider-9399 slide-9411 msDefaultImage\" title=\"WhatsApp Image 2021-10-29 at 11.24.46\" \/><\/li>\n                <li style=\"display: none; width: 100%;\" class=\"slide-9405 ms-image \" aria-roledescription=\"slide\" data-date=\"2021-10-29 13:50:55\" data-filename=\"am-39.jpg\" data-slide-type=\"image\"><img loading=\"lazy\" decoding=\"async\" src=\"https:\/\/www.medicina.uanl.mx\/wp-content\/uploads\/2021\/10\/am-39.jpg\" height=\"3456\" width=\"5184\" alt=\"\" class=\"slider-9399 slide-9405 msDefaultImage\" title=\"AM-39\" \/><\/li>\n                <li style=\"display: none; width: 100%;\" class=\"slide-9410 ms-image \" aria-roledescription=\"slide\" data-date=\"2021-10-29 13:51:56\" data-filename=\"whatsapp-image-2021-10-29-at-112449.jpeg\" data-slide-type=\"image\"><img loading=\"lazy\" decoding=\"async\" src=\"https:\/\/www.medicina.uanl.mx\/wp-content\/uploads\/2021\/10\/whatsapp-image-2021-10-29-at-112449.jpeg\" height=\"3456\" width=\"5184\" alt=\"\" class=\"slider-9399 slide-9410 msDefaultImage\" title=\"WhatsApp Image 2021-10-29 at 11.24.49\" \/><\/li>\n            <\/ul>\n        <\/div>\n        \n    <\/div>\n<\/div>\n<p style=\"text-align: justify;\">A su vez, dentro de los festejos, se cantaron las ma\u00f1anitas por las <strong>Rondallas de la Facultad de Medicina<\/strong>, se proyect\u00f3 un tema del <strong>Ensamble de C\u00e1mara<\/strong> y se present\u00f3 el <strong>Ballet Folkl\u00f3rico &#8220;Tzapotlatenan&#8221;<\/strong>.<\/p>\n<p style=\"text-align: justify;\">Mira todos los detalles del Aniversario de la Facultad de Medicina y 60 A\u00f1os de la Inauguraci\u00f3n de los Murales:<\/p>\n<div class=\"fb-video\" data-allowfullscreen=\"true\" data-href=\"https:\/\/www.facebook.com\/facultaddemedicina\/videos\/854937238515310\" style=\"background-color: #fff; display: inline-block;\"><\/div>\n","protected":false},"excerpt":{"rendered":"<p>La ma\u00f1ana de este viernes 29 de octubre de 2021, en punto de las 9:00 horas en el Frontispicio de [&hellip;]<\/p>\n","protected":false},"author":5,"featured_media":9380,"comment_status":"open","ping_status":"open","sticky":false,"template":"","format":"standard","meta":{"_jetpack_newsletter_access":"","_jetpack_dont_email_post_to_subs":false,"_jetpack_newsletter_tier_id":0,"_jetpack_memberships_contains_paywalled_content":false,"_jetpack_feature_clip_id":0,"_jetpack_memberships_contains_paid_content":false,"footnotes":"","jetpack_post_was_ever_published":false},"categories":[7],"tags":[],"class_list":["post-9357","post","type-post","status-publish","format-standard","has-post-thumbnail","hentry","category-facultad"],"acf":[],"jetpack_sharing_enabled":true,"jetpack_featured_media_url":"https:\/\/www.medicina.uanl.mx\/wp-content\/uploads\/2021\/10\/am-15.jpg","_links":{"self":[{"href":"https:\/\/www.medicina.uanl.mx\/en\/wp-json\/wp\/v2\/posts\/9357","targetHints":{"allow":["GET"]}}],"collection":[{"href":"https:\/\/www.medicina.uanl.mx\/en\/wp-json\/wp\/v2\/posts"}],"about":[{"href":"https:\/\/www.medicina.uanl.mx\/en\/wp-json\/wp\/v2\/types\/post"}],"author":[{"embeddable":true,"href":"https:\/\/www.medicina.uanl.mx\/en\/wp-json\/wp\/v2\/users\/5"}],"replies":[{"embeddable":true,"href":"https:\/\/www.medicina.uanl.mx\/en\/wp-json\/wp\/v2\/comments?post=9357"}],"version-history":[{"count":50,"href":"https:\/\/www.medicina.uanl.mx\/en\/wp-json\/wp\/v2\/posts\/9357\/revisions"}],"predecessor-version":[{"id":13445,"href":"https:\/\/www.medicina.uanl.mx\/en\/wp-json\/wp\/v2\/posts\/9357\/revisions\/13445"}],"wp:featuredmedia":[{"embeddable":true,"href":"https:\/\/www.medicina.uanl.mx\/en\/wp-json\/wp\/v2\/media\/9380"}],"wp:attachment":[{"href":"https:\/\/www.medicina.uanl.mx\/en\/wp-json\/wp\/v2\/media?parent=9357"}],"wp:term":[{"taxonomy":"category","embeddable":true,"href":"https:\/\/www.medicina.uanl.mx\/en\/wp-json\/wp\/v2\/categories?post=9357"},{"taxonomy":"post_tag","embeddable":true,"href":"https:\/\/www.medicina.uanl.mx\/en\/wp-json\/wp\/v2\/tags?post=9357"}],"curies":[{"name":"wp","href":"https:\/\/api.w.org\/{rel}","templated":true}]}}