{"id":18132,"date":"2023-03-16T13:15:01","date_gmt":"2023-03-16T19:15:01","guid":{"rendered":"https:\/\/www.medicina.uanl.mx\/?p=18132"},"modified":"2023-05-03T09:01:34","modified_gmt":"2023-05-03T15:01:34","slug":"efectuan-jornada-estatal-de-donacion-de-sangre-en-facultad-de-medicina","status":"publish","type":"post","link":"https:\/\/www.medicina.uanl.mx\/en\/noticias\/facultad\/efectuan-jornada-estatal-de-donacion-de-sangre-en-facultad-de-medicina\/","title":{"rendered":"Efect\u00faan Jornada Estatal de Donaci\u00f3n de Sangre en Facultad de Medicina"},"content":{"rendered":"<p class=\"wp-block-paragraph\" style=\"text-align: justify;\">Desde temprana hora del pasado lunes 13 de marzo de 2023, nuestra Facultad de Medicina fue sede de la <strong>Jornada de Donaci\u00f3n Altruista de Sangre<\/strong> que realiza el Centro Estatal de la Transfusi\u00f3n Sangu\u00ednea de la Secretar\u00eda de Salud del Estado de Nuevo Le\u00f3n. Las personas interesadas en ser parte de este generoso acto asistieron a la Unidad M\u00f3vil: Jes\u00fas Dionisio Gonz\u00e1lez que se mantuvo ubicada en el frontispicio de la Facultad de Medicina.<\/p>\r\n<div id=\"metaslider-id-18148\" style=\"width: 100%;\" class=\"ml-slider-3-112-0 metaslider metaslider-flex metaslider-18148 ml-slider has-dots-nav ms-theme-default\" role=\"region\" aria-label=\"Jornada Estatal de Donaci\u00f3n de Sangre 2023\" data-height=\"3456\" data-width=\"5184\">\n    <div id=\"metaslider_container_18148\">\n        <div id=\"metaslider_18148\">\n            <ul class='slides'>\n                <li style=\"display: block; width: 100%;\" class=\"slide-18154 ms-image\" aria-roledescription=\"slide\" data-date=\"2023-03-16 13:19:13\" data-filename=\"img-9830-scaled.jpg\" data-slide-type=\"image\"><img loading=\"lazy\" decoding=\"async\" src=\"https:\/\/www.medicina.uanl.mx\/wp-content\/uploads\/2023\/03\/img-9830-scaled.jpg\" height=\"3456\" width=\"5184\" alt=\"\" class=\"slider-18148 slide-18154 msDefaultImage\" \/><\/li>\n                <li style=\"display: none; width: 100%;\" class=\"slide-18155 ms-image\" aria-roledescription=\"slide\" data-date=\"2023-03-16 13:19:13\" data-filename=\"img-9826-scaled.jpg\" data-slide-type=\"image\"><img loading=\"lazy\" decoding=\"async\" src=\"https:\/\/www.medicina.uanl.mx\/wp-content\/uploads\/2023\/03\/img-9826-scaled.jpg\" height=\"3456\" width=\"5184\" alt=\"\" class=\"slider-18148 slide-18155 msDefaultImage\" \/><\/li>\n                <li style=\"display: none; width: 100%;\" class=\"slide-18156 ms-image\" aria-roledescription=\"slide\" data-date=\"2023-03-16 13:19:13\" data-filename=\"img-9805-1-scaled.jpg\" data-slide-type=\"image\"><img loading=\"lazy\" decoding=\"async\" src=\"https:\/\/www.medicina.uanl.mx\/wp-content\/uploads\/2023\/03\/img-9805-1-scaled.jpg\" height=\"3456\" width=\"5184\" alt=\"\" class=\"slider-18148 slide-18156 msDefaultImage\" \/><\/li>\n                <li style=\"display: none; width: 100%;\" class=\"slide-18157 ms-image\" aria-roledescription=\"slide\" data-date=\"2023-03-16 13:19:13\" data-filename=\"img-9789-scaled.jpg\" data-slide-type=\"image\"><img loading=\"lazy\" decoding=\"async\" src=\"https:\/\/www.medicina.uanl.mx\/wp-content\/uploads\/2023\/03\/img-9789-scaled.jpg\" height=\"3456\" width=\"5184\" alt=\"\" class=\"slider-18148 slide-18157 msDefaultImage\" \/><\/li>\n                <li style=\"display: none; width: 100%;\" class=\"slide-18158 ms-image\" aria-roledescription=\"slide\" data-date=\"2023-03-16 13:19:13\" data-filename=\"img-9798-3-scaled.jpg\" data-slide-type=\"image\"><img loading=\"lazy\" decoding=\"async\" src=\"https:\/\/www.medicina.uanl.mx\/wp-content\/uploads\/2023\/03\/img-9798-3-scaled.jpg\" height=\"3456\" width=\"5184\" alt=\"\" class=\"slider-18148 slide-18158 msDefaultImage\" \/><\/li>\n            <\/ul>\n        <\/div>\n        \n    <\/div>\n<\/div>\r\n<p style=\"text-align: justify;\">Al t\u00e9rmino de la jornada, el <strong>Oscar Vidal Guti\u00e9rrez, MD;<\/strong> Director de la Facultad de Medicina y Hospital Universitario &#8220;Dr. Jos\u00e9 Eleuterio Gonz\u00e1lez&#8221;, recibi\u00f3 un reconocimiento por parte del organismo estatal por facilitar la efectuaci\u00f3n de esta actividad altruista. En este cierre de jornada estuvieron presentes tambi\u00e9n las siguientes autoridades:<\/p>\r\n<ul>\r\n<li style=\"text-align: justify;\"><strong>Luis Adri\u00e1n Rend\u00f3n P\u00e9rez, MD;<\/strong> Vice-Principal of Undergraduate Studies of the Bachelor of Medical Surgeon-Obstetrician<\/li>\r\n<li style=\"text-align: justify;\"><strong>Ricardo Ibarra Pati\u00f1o, MD;<\/strong> Academic Secretary of the Bachelor of Medical Surgeon-Obstetrician<\/li>\r\n<li style=\"text-align: justify;\"><strong>Dr. Ra\u00fal Antonio De Luna Vega<\/strong><\/li>\r\n<li style=\"text-align: justify;\"><strong>Dr. Jes\u00fas Alberto Morales G\u00f3mez<\/strong><\/li>\r\n<li style=\"text-align: justify;\"><strong>Dr. Francisco Abdeel Santos Coronado<\/strong><\/li>\r\n<\/ul>","protected":false},"excerpt":{"rendered":"<p>Desde temprana hora del pasado lunes 13 de marzo de 2023, nuestra Facultad de Medicina fue sede de la Jornada [&hellip;]<\/p>\n","protected":false},"author":5,"featured_media":18143,"comment_status":"open","ping_status":"open","sticky":false,"template":"","format":"standard","meta":{"_jetpack_newsletter_access":"","_jetpack_dont_email_post_to_subs":false,"_jetpack_newsletter_tier_id":0,"_jetpack_memberships_contains_paywalled_content":false,"_jetpack_feature_clip_id":0,"_jetpack_memberships_contains_paid_content":false,"footnotes":"","jetpack_post_was_ever_published":false},"categories":[7],"tags":[],"class_list":["post-18132","post","type-post","status-publish","format-standard","has-post-thumbnail","hentry","category-facultad"],"acf":[],"jetpack_sharing_enabled":true,"jetpack_featured_media_url":"https:\/\/www.medicina.uanl.mx\/wp-content\/uploads\/2023\/03\/jornada-estatal-donacion-de-sangre-scaled.jpg","_links":{"self":[{"href":"https:\/\/www.medicina.uanl.mx\/en\/wp-json\/wp\/v2\/posts\/18132","targetHints":{"allow":["GET"]}}],"collection":[{"href":"https:\/\/www.medicina.uanl.mx\/en\/wp-json\/wp\/v2\/posts"}],"about":[{"href":"https:\/\/www.medicina.uanl.mx\/en\/wp-json\/wp\/v2\/types\/post"}],"author":[{"embeddable":true,"href":"https:\/\/www.medicina.uanl.mx\/en\/wp-json\/wp\/v2\/users\/5"}],"replies":[{"embeddable":true,"href":"https:\/\/www.medicina.uanl.mx\/en\/wp-json\/wp\/v2\/comments?post=18132"}],"version-history":[{"count":14,"href":"https:\/\/www.medicina.uanl.mx\/en\/wp-json\/wp\/v2\/posts\/18132\/revisions"}],"predecessor-version":[{"id":18860,"href":"https:\/\/www.medicina.uanl.mx\/en\/wp-json\/wp\/v2\/posts\/18132\/revisions\/18860"}],"wp:featuredmedia":[{"embeddable":true,"href":"https:\/\/www.medicina.uanl.mx\/en\/wp-json\/wp\/v2\/media\/18143"}],"wp:attachment":[{"href":"https:\/\/www.medicina.uanl.mx\/en\/wp-json\/wp\/v2\/media?parent=18132"}],"wp:term":[{"taxonomy":"category","embeddable":true,"href":"https:\/\/www.medicina.uanl.mx\/en\/wp-json\/wp\/v2\/categories?post=18132"},{"taxonomy":"post_tag","embeddable":true,"href":"https:\/\/www.medicina.uanl.mx\/en\/wp-json\/wp\/v2\/tags?post=18132"}],"curies":[{"name":"wp","href":"https:\/\/api.w.org\/{rel}","templated":true}]}}