{"id":17987,"date":"2023-02-22T10:00:55","date_gmt":"2023-02-22T16:00:55","guid":{"rendered":"http:\/\/www.medicina.uanl.mx\/?p=17987"},"modified":"2023-05-03T09:08:24","modified_gmt":"2023-05-03T15:08:24","slug":"realizan-graduacion-de-posgrado-2023","status":"publish","type":"post","link":"https:\/\/www.medicina.uanl.mx\/en\/noticias\/facultad\/realizan-graduacion-de-posgrado-2023\/","title":{"rendered":"Realizan Graduaci\u00f3n de Posgrado 2023"},"content":{"rendered":"<p style=\"text-align: justify;\">La tarde del martes 21 de febrero de 2023, en el Auditorio Polivalente, efectuamos la graduaci\u00f3n de los programas de posgrado que se imparten en nuestra Facultad de Medicina y Hospital Universitario &#8220;Dr. Jos\u00e9 Eleuterio Gonz\u00e1lez&#8221;. Los graduandos de las especialidades, subespecialidades, cursos de alta especialidad, maestr\u00edas y doctorados se congregaron en este recinto junto a sus compa\u00f1eros y familiares para celebrar este dichoso y concluyente momento.<\/p>\n<div id=\"metaslider-id-18707\" style=\"width: 100%;\" class=\"ml-slider-3-112-0 metaslider metaslider-flex metaslider-18707 ml-slider has-dots-nav ms-theme-default\" role=\"region\" aria-label=\"Graduaci\u00f3n Posgrado 2023\" data-height=\"3456\" data-width=\"5184\">\n    <div id=\"metaslider_container_18707\">\n        <div id=\"metaslider_18707\">\n            <ul class='slides'>\n                <li style=\"display: block; width: 100%;\" class=\"slide-18722 ms-image\" aria-roledescription=\"slide\" data-date=\"2023-04-26 13:35:09\" data-filename=\"img-9188-scaled.jpg\" data-slide-type=\"image\"><img loading=\"lazy\" decoding=\"async\" src=\"https:\/\/www.medicina.uanl.mx\/wp-content\/uploads\/2023\/04\/img-9188-scaled.jpg\" height=\"3456\" width=\"5184\" alt=\"\" class=\"slider-18707 slide-18722 msDefaultImage\" title=\"IMG_9188\" \/><\/li>\n                <li style=\"display: none; width: 100%;\" class=\"slide-18711 ms-image\" aria-roledescription=\"slide\" data-date=\"2023-04-26 13:24:24\" data-filename=\"img-9244-scaled.jpg\" data-slide-type=\"image\"><img loading=\"lazy\" decoding=\"async\" src=\"https:\/\/www.medicina.uanl.mx\/wp-content\/uploads\/2023\/04\/img-9244-scaled.jpg\" height=\"3456\" width=\"5184\" alt=\"\" class=\"slider-18707 slide-18711 msDefaultImage\" \/><div class=\"caption-wrap\"><div class=\"caption\">Oscar Vidal Guti\u00e9rrez, MD, PhD<\/div><\/div><\/li>\n                <li style=\"display: none; width: 100%;\" class=\"slide-18710 ms-image\" aria-roledescription=\"slide\" data-date=\"2023-04-26 13:24:24\" data-filename=\"img-9242-scaled.jpg\" data-slide-type=\"image\"><img loading=\"lazy\" decoding=\"async\" src=\"https:\/\/www.medicina.uanl.mx\/wp-content\/uploads\/2023\/04\/img-9242-scaled.jpg\" height=\"3456\" width=\"5184\" alt=\"\" class=\"slider-18707 slide-18710 msDefaultImage\" \/><div class=\"caption-wrap\"><div class=\"caption\">Felipe Arturo Morales Mart\u00ednez, MD.<\/div><\/div><\/li>\n                <li style=\"display: none; width: 100%;\" class=\"slide-18719 ms-image\" aria-roledescription=\"slide\" data-date=\"2023-04-26 13:35:09\" data-filename=\"img-9170-scaled.jpg\" data-slide-type=\"image\"><img loading=\"lazy\" decoding=\"async\" src=\"https:\/\/www.medicina.uanl.mx\/wp-content\/uploads\/2023\/04\/img-9170-scaled.jpg\" height=\"3456\" width=\"5184\" alt=\"\" class=\"slider-18707 slide-18719 msDefaultImage\" title=\"IMG_9170\" \/><\/li>\n                <li style=\"display: none; width: 100%;\" class=\"slide-18720 ms-image\" aria-roledescription=\"slide\" data-date=\"2023-04-26 13:35:09\" data-filename=\"img-9172-scaled.jpg\" data-slide-type=\"image\"><img loading=\"lazy\" decoding=\"async\" src=\"https:\/\/www.medicina.uanl.mx\/wp-content\/uploads\/2023\/04\/img-9172-scaled.jpg\" height=\"3456\" width=\"5184\" alt=\"\" class=\"slider-18707 slide-18720 msDefaultImage\" title=\"IMG_9172\" \/><\/li>\n                <li style=\"display: none; width: 100%;\" class=\"slide-18721 ms-image\" aria-roledescription=\"slide\" data-date=\"2023-04-26 13:35:09\" data-filename=\"img-9178-scaled.jpg\" data-slide-type=\"image\"><img loading=\"lazy\" decoding=\"async\" src=\"https:\/\/www.medicina.uanl.mx\/wp-content\/uploads\/2023\/04\/img-9178-scaled.jpg\" height=\"3456\" width=\"5184\" alt=\"\" class=\"slider-18707 slide-18721 msDefaultImage\" title=\"IMG_9178\" \/><\/li>\n                <li style=\"display: none; width: 100%;\" class=\"slide-18723 ms-image\" aria-roledescription=\"slide\" data-date=\"2023-04-26 13:35:10\" data-filename=\"img-9208-scaled.jpg\" data-slide-type=\"image\"><img loading=\"lazy\" decoding=\"async\" src=\"https:\/\/www.medicina.uanl.mx\/wp-content\/uploads\/2023\/04\/img-9208-scaled.jpg\" height=\"3456\" width=\"5184\" alt=\"\" class=\"slider-18707 slide-18723 msDefaultImage\" title=\"IMG_9208\" \/><\/li>\n                <li style=\"display: none; width: 100%;\" class=\"slide-18724 ms-image\" aria-roledescription=\"slide\" data-date=\"2023-04-26 13:35:10\" data-filename=\"img-9233-scaled.jpg\" data-slide-type=\"image\"><img loading=\"lazy\" decoding=\"async\" src=\"https:\/\/www.medicina.uanl.mx\/wp-content\/uploads\/2023\/04\/img-9233-scaled.jpg\" height=\"3456\" width=\"5184\" alt=\"\" class=\"slider-18707 slide-18724 msDefaultImage\" title=\"IMG_9233\" \/><\/li>\n                <li style=\"display: none; width: 100%;\" class=\"slide-18725 ms-image\" aria-roledescription=\"slide\" data-date=\"2023-04-26 13:35:10\" data-filename=\"img-9258-scaled.jpg\" data-slide-type=\"image\"><img loading=\"lazy\" decoding=\"async\" src=\"https:\/\/www.medicina.uanl.mx\/wp-content\/uploads\/2023\/04\/img-9258-scaled.jpg\" height=\"3456\" width=\"5184\" alt=\"\" class=\"slider-18707 slide-18725 msDefaultImage\" title=\"IMG_9258\" \/><\/li>\n            <\/ul>\n        <\/div>\n        \n    <\/div>\n<\/div>\n<p style=\"text-align: justify;\">El pres\u00eddium del evento estuvo conformado por las siguientes autoridades:<\/p>\n<ul>\n<li style=\"text-align: justify;\"><strong>Santos Guzm\u00e1n L\u00f3pez, MD;<\/strong> Rector of the Universidad Aut\u00f3noma de Nuevo Le\u00f3n<\/li>\n<li style=\"text-align: justify;\"><strong>Oscar Vidal Guti\u00e9rrez, MD;<\/strong> Principal of the School of Medicine and University Hospital \"Dr. Jos\u00e9 Eleuterio Gonz\u00e1lez\"<\/li>\n<li style=\"text-align: justify;\"><strong>Felipe Arturo Morales Mart\u00ednez, MD;<\/strong> Vice-Principal of Postgraduate Studies<\/li>\n<li style=\"text-align: justify;\"><strong>Luis Adri\u00e1n Rend\u00f3n P\u00e9rez, MD;<\/strong> Vice-Principal of Undergraduate Studies of the Bachelor of Medical Surgeon-Obstetrician<\/li>\n<li style=\"text-align: justify;\"><strong>Ana Mar\u00eda Guadalupe Rivas Estilla, DSc;<\/strong> Secretaria Acad\u00e9mica del \u00c1rea B\u00e1sica<\/li>\n<li style=\"text-align: justify;\"><strong>Fernando F\u00e9lix Montes Tapia, MD;<\/strong> Secretario Acad\u00e9mico del \u00c1rea Cl\u00ednica<\/li>\n<\/ul>","protected":false},"excerpt":{"rendered":"<p>La tarde del martes 21 de febrero de 2023, en el Auditorio Polivalente, efectuamos la graduaci\u00f3n de los programas de [&hellip;]<\/p>\n","protected":false},"author":5,"featured_media":18702,"comment_status":"open","ping_status":"open","sticky":false,"template":"","format":"standard","meta":{"_jetpack_newsletter_access":"","_jetpack_dont_email_post_to_subs":false,"_jetpack_newsletter_tier_id":0,"_jetpack_memberships_contains_paywalled_content":false,"_jetpack_feature_clip_id":0,"_jetpack_memberships_contains_paid_content":false,"footnotes":"","jetpack_post_was_ever_published":false},"categories":[7],"tags":[],"class_list":["post-17987","post","type-post","status-publish","format-standard","has-post-thumbnail","hentry","category-facultad"],"acf":[],"jetpack_sharing_enabled":true,"jetpack_featured_media_url":"https:\/\/www.medicina.uanl.mx\/wp-content\/uploads\/2023\/02\/img-9215-scaled.jpg","_links":{"self":[{"href":"https:\/\/www.medicina.uanl.mx\/en\/wp-json\/wp\/v2\/posts\/17987","targetHints":{"allow":["GET"]}}],"collection":[{"href":"https:\/\/www.medicina.uanl.mx\/en\/wp-json\/wp\/v2\/posts"}],"about":[{"href":"https:\/\/www.medicina.uanl.mx\/en\/wp-json\/wp\/v2\/types\/post"}],"author":[{"embeddable":true,"href":"https:\/\/www.medicina.uanl.mx\/en\/wp-json\/wp\/v2\/users\/5"}],"replies":[{"embeddable":true,"href":"https:\/\/www.medicina.uanl.mx\/en\/wp-json\/wp\/v2\/comments?post=17987"}],"version-history":[{"count":9,"href":"https:\/\/www.medicina.uanl.mx\/en\/wp-json\/wp\/v2\/posts\/17987\/revisions"}],"predecessor-version":[{"id":18872,"href":"https:\/\/www.medicina.uanl.mx\/en\/wp-json\/wp\/v2\/posts\/17987\/revisions\/18872"}],"wp:featuredmedia":[{"embeddable":true,"href":"https:\/\/www.medicina.uanl.mx\/en\/wp-json\/wp\/v2\/media\/18702"}],"wp:attachment":[{"href":"https:\/\/www.medicina.uanl.mx\/en\/wp-json\/wp\/v2\/media?parent=17987"}],"wp:term":[{"taxonomy":"category","embeddable":true,"href":"https:\/\/www.medicina.uanl.mx\/en\/wp-json\/wp\/v2\/categories?post=17987"},{"taxonomy":"post_tag","embeddable":true,"href":"https:\/\/www.medicina.uanl.mx\/en\/wp-json\/wp\/v2\/tags?post=17987"}],"curies":[{"name":"wp","href":"https:\/\/api.w.org\/{rel}","templated":true}]}}